{"id":22360,"date":"2025-04-15T12:40:13","date_gmt":"2025-04-15T10:40:13","guid":{"rendered":"https:\/\/oxygenwellness.hu\/?p=22360"},"modified":"2025-04-30T13:54:51","modified_gmt":"2025-04-30T11:54:51","slug":"harom-rangos-dij-a-just-clear-awardon-meszaros-rafaella-zold-andrea-es-pancso-gergely","status":"publish","type":"post","link":"https:\/\/oxygenwellness.hu\/en\/harom-rangos-dij-a-just-clear-awardon-meszaros-rafaella-zold-andrea-es-pancso-gergely\/","title":{"rendered":"H\u00e1rom rangos d\u00edj a Just Clear Awardon \u2013\u00a0 M\u00e9sz\u00e1ros Rafaella, Z\u00f6ld Andrea \u00e9s Pancs\u00f3 Gergely"},"content":{"rendered":"<p>A Just Clear Award idei d\u00edj\u00e1tad\u00f3j\u00e1n h\u00e1rom kiemelked\u0151 munkat\u00e1rsunk is m\u00e9lt\u00f3 elismer\u00e9sben r\u00e9szes\u00fclt.<\/p>\n\n\n\n<p>Az \u00e9v legjobb \u00faj szem\u00e9lyi edz\u0151je d\u00edjat pedig M\u00e9sz\u00e1ros Rafaella, abszol\u00fat Eur\u00f3pa-bajnok fitnesz modell kapta. Ez a d\u00edj m\u00e9lt\u00f3 elismer\u00e9se annak az al\u00e1zatos, m\u00e9gis rendk\u00edv\u00fcl dinamikus munk\u00e1nak, amit nap mint nap v\u00e9gez \u2013 imm\u00e1r nemcsak versenyz\u0151k\u00e9nt, hanem edz\u0151k\u00e9nt is a maximumot ny\u00fajtva.<\/p>\n\n\n\n<p>Az \u00e9v bodyart oktat\u00f3ja elismer\u00e9st pedig Z\u00f6ld Andrea \u00e9rdemelte ki. Andrea egyedi szeml\u00e9let\u00e9vel \u00e9s testtudatoss\u00e1got fejleszt\u0151 \u00f3r\u00e1ival kiemelked\u0151 szerepet t\u00f6lt be a k\u00f6z\u00f6ss\u00e9g \u00e9let\u00e9ben, \u00edgy m\u00e9lt\u00e1n v\u00e1lt a Just Clear egyik d\u00edjazottj\u00e1v\u00e1.<\/p>\n\n\n\n<p>Az \u00e9v f\u00e9rfi prezentere c\u00edmet Pancs\u00f3 Gergely, szakmai vezet\u0151nk vehette \u00e1t. Gergely \u00e9vek \u00f3ta meghat\u00e1roz\u00f3 alakja az Oxygen Wellness Naphegy k\u00f6z\u00f6ss\u00e9g\u00e9nek. Szenved\u00e9lye, szakmai hiteless\u00e9ge nemcsak vend\u00e9geinket inspir\u00e1lja nap mint nap, de az eg\u00e9sz fitneszszakm\u00e1ra motiv\u00e1l\u00f3 hat\u00e1ssal van. A d\u00edj m\u00e9lt\u00f3 elismer\u00e9se annak az elk\u00f6telezett munk\u00e1nak, amit Gerg\u0151 &nbsp;v\u00e9gez.&nbsp;<\/p>\n\n\n\n<p>&nbsp;Megtiszteltet\u00e9s sz\u00e1munkra, hogy ilyen kiv\u00e9teles szakemberek er\u0151s\u00edtik az Oxygen Wellness Naphegy csapat\u00e1t. Ezek az elismer\u00e9sek \u00fajabb bizony\u00edt\u00e9kai annak, hogy n\u00e1lunk a szakmai kiv\u00e1l\u00f3s\u00e1g, az emberi \u00e9rt\u00e9kek \u00e9s a k\u00f6z\u00f6ss\u00e9gi \u00e9lm\u00e9ny k\u00e9z a k\u00e9zben j\u00e1rnak.<\/p>\n\n\n\n<figure class=\"wp-block-gallery has-nested-images columns-default is-cropped wp-block-gallery-1 is-layout-flex wp-block-gallery-is-layout-flex\">\n<figure class=\"wp-block-image\"><img fetchpriority=\"high\" decoding=\"async\" width=\"1017\" height=\"1280\" data-id=\"22424\" src=\"https:\/\/oxygenwellness.hu\/wp-content\/uploads\/2025\/04\/meszaros-rafaella-just-clear.webp\" alt=\"\" class=\"wp-image-22424\" srcset=\"https:\/\/oxygenwellness.hu\/wp-content\/uploads\/2025\/04\/meszaros-rafaella-just-clear.webp 1017w, https:\/\/oxygenwellness.hu\/wp-content\/uploads\/2025\/04\/meszaros-rafaella-just-clear-556x700.webp 556w, https:\/\/oxygenwellness.hu\/wp-content\/uploads\/2025\/04\/meszaros-rafaella-just-clear-814x1024.webp 814w, https:\/\/oxygenwellness.hu\/wp-content\/uploads\/2025\/04\/meszaros-rafaella-just-clear-768x967.webp 768w, https:\/\/oxygenwellness.hu\/wp-content\/uploads\/2025\/04\/meszaros-rafaella-just-clear-10x12.webp 10w, https:\/\/oxygenwellness.hu\/wp-content\/uploads\/2025\/04\/meszaros-rafaella-just-clear-600x755.webp 600w\" sizes=\"(max-width: 1017px) 100vw, 1017px\" \/><\/figure>\n\n\n\n<figure class=\"wp-block-image\"><img decoding=\"async\" width=\"960\" height=\"1280\" data-id=\"22425\" src=\"https:\/\/oxygenwellness.hu\/wp-content\/uploads\/2025\/04\/pancso-gergely-just-clear.webp\" alt=\"\" class=\"wp-image-22425\" srcset=\"https:\/\/oxygenwellness.hu\/wp-content\/uploads\/2025\/04\/pancso-gergely-just-clear.webp 960w, https:\/\/oxygenwellness.hu\/wp-content\/uploads\/2025\/04\/pancso-gergely-just-clear-525x700.webp 525w, https:\/\/oxygenwellness.hu\/wp-content\/uploads\/2025\/04\/pancso-gergely-just-clear-768x1024.webp 768w, https:\/\/oxygenwellness.hu\/wp-content\/uploads\/2025\/04\/pancso-gergely-just-clear-9x12.webp 9w, https:\/\/oxygenwellness.hu\/wp-content\/uploads\/2025\/04\/pancso-gergely-just-clear-600x800.webp 600w\" sizes=\"(max-width: 960px) 100vw, 960px\" \/><\/figure>\n<\/figure>","protected":false},"excerpt":{"rendered":"<p>A Just Clear Award idei d\u00edj\u00e1tad\u00f3j\u00e1n h\u00e1rom kiemelked\u0151 munkat\u00e1rsunk is m\u00e9lt\u00f3 elismer\u00e9sben r\u00e9szes\u00fclt. Az \u00e9v legjobb \u00faj szem\u00e9lyi edz\u0151je d\u00edjat pedig M\u00e9sz\u00e1ros Rafaella, abszol\u00fat Eur\u00f3pa-bajnok fitnesz modell kapta. Ez a d\u00edj m\u00e9lt\u00f3 elismer\u00e9se annak az al\u00e1zatos, m\u00e9gis rendk\u00edv\u00fcl dinamikus munk\u00e1nak, amit nap mint nap v\u00e9gez \u2013 imm\u00e1r nemcsak versenyz\u0151k\u00e9nt, hanem edz\u0151k\u00e9nt is a maximumot ny\u00fajtva. [&hellip;]<\/p>\n","protected":false},"author":8,"featured_media":0,"comment_status":"open","ping_status":"open","sticky":false,"template":"","format":"standard","meta":{"_acf_changed":false,"footnotes":""},"categories":[156],"tags":[],"class_list":["post-22360","post","type-post","status-publish","format-standard","hentry","category-aktualis-hirek"],"acf":[],"_links":{"self":[{"href":"https:\/\/oxygenwellness.hu\/en\/wp-json\/wp\/v2\/posts\/22360","targetHints":{"allow":["GET"]}}],"collection":[{"href":"https:\/\/oxygenwellness.hu\/en\/wp-json\/wp\/v2\/posts"}],"about":[{"href":"https:\/\/oxygenwellness.hu\/en\/wp-json\/wp\/v2\/types\/post"}],"author":[{"embeddable":true,"href":"https:\/\/oxygenwellness.hu\/en\/wp-json\/wp\/v2\/users\/8"}],"replies":[{"embeddable":true,"href":"https:\/\/oxygenwellness.hu\/en\/wp-json\/wp\/v2\/comments?post=22360"}],"version-history":[{"count":0,"href":"https:\/\/oxygenwellness.hu\/en\/wp-json\/wp\/v2\/posts\/22360\/revisions"}],"wp:attachment":[{"href":"https:\/\/oxygenwellness.hu\/en\/wp-json\/wp\/v2\/media?parent=22360"}],"wp:term":[{"taxonomy":"category","embeddable":true,"href":"https:\/\/oxygenwellness.hu\/en\/wp-json\/wp\/v2\/categories?post=22360"},{"taxonomy":"post_tag","embeddable":true,"href":"https:\/\/oxygenwellness.hu\/en\/wp-json\/wp\/v2\/tags?post=22360"}],"curies":[{"name":"wp","href":"https:\/\/api.w.org\/{rel}","templated":true}]}}